{"id":16212,"date":"2025-03-19T09:13:08","date_gmt":"2025-03-19T08:13:08","guid":{"rendered":"https:\/\/www.lpehochiminh.com\/la-petite-ecole-ho-chi-minh-city-recompensee-aux-palmes-de-lefe-2025\/"},"modified":"2025-03-19T09:27:09","modified_gmt":"2025-03-19T08:27:09","slug":"la-petite-ecole-ho-chi-minh-city-honored-at-palmes-de-lefe-2025","status":"publish","type":"post","link":"https:\/\/www.lpehochiminh.com\/en\/la-petite-ecole-ho-chi-minh-city-honored-at-palmes-de-lefe-2025\/","title":{"rendered":"La Petite Ecole Ho Chi Minh City honored at the Palmes de l\u2019EFE"},"content":{"rendered":"<div class=\"blocmedia blocmedia--textright blocmedia--color2\" id=\"bloc_2_9\">\n<div class=\"container\">\n<div class=\"row\">\n<div class=\"col-12 col-md-6\">\n<div class=\"slider\">\n<div id=\"slider-bloc_2_9\" class=\"flexslider flexslider--blocmedia loading\">\n<ul class=\"slides list-unstyled\">\n<li class=\"slider-li\">\n\t\t\t\t\t\t\t\t\t\t     \t<a data-fancybox=\"rel-slider-bloc_2_9\" data-caption=\"\" href=\"https:\/\/www.lpehochiminh.com\/wp-content\/uploads\/2025\/03\/IMG-20250314-WA0015-722x564.jpg\"><br \/>\n\t\t\t\t\t\t\t\t\t\t\t\t\t<img decoding=\"async\" class=\"img-fluid\" src=\"https:\/\/www.lpehochiminh.com\/wp-content\/uploads\/2025\/03\/IMG-20250314-WA0015-722x564.jpg\" width=\"\" height=\"\" alt=\"c\u00e9r\u00e9monie remise Palmes EFE\"><br \/>\n\t\t\t\t\t\t\t\t\t\t\t\t<\/a>\n\t\t\t\t\t\t\t\t\t\t     <\/li>\n<\/ul><\/div>\n<\/p><\/div>\n<\/p><\/div>\n<div class=\"col-12 col-md-5 d-flex flex-column justify-content-center align-items-start mb-2 mb-md-0\">\n<div class=\"text\">\n<h2><span>A prestigious award for a cultural and artistic initiative<\/span><\/h2>\n<p>La Petite Ecole Ho Chi Minh City is extremely proud to have received the Palme de l\u2019Action Culturelle at the first edition of the Palmes de l\u2019EFE, a competition recognizing innovative educational initiatives within the network of French schools abroad.<\/p>\n<p>This award, presented during an official ceremony at La Sorbonne in Paris, acknowledges the project \u201cArt et Francophonie: \u00e9veil culturel\u201d, which allowed our kindergarten students to explore the works of major Francophone artists and develop their creativity through a variety of artistic techniques.<\/p>\n<p>\t\t\t\t\t\t<!-- Changer la classe de couleur du bouton en fonction de la couleur g\u00e9n\u00e9rale du bloc --><\/p>\n<div class=\"bloc_cta\" ><\/div>\n<\/p><\/div>\n<\/p><\/div>\n<\/p><\/div>\n<\/p><\/div>\n<\/div>\n<div class=\"blocmedia blocmedia--textleft blocmedia--color4\" id=\"bloc_2_10\">\n<div class=\"container\">\n<div class=\"row\">\n<div class=\"col-12 col-md-6\">\n<div class=\"slider\">\n<div id=\"slider-bloc_2_10\" class=\"flexslider flexslider--blocmedia loading\">\n<ul class=\"slides list-unstyled\">\n<li class=\"slider-li\">\n\t\t\t\t\t\t\t\t\t\t     \t<a data-fancybox=\"rel-slider-bloc_2_10\" data-caption=\"\" href=\"https:\/\/www.lpehochiminh.com\/wp-content\/uploads\/2025\/03\/IMG-20241211-WA0056-722x564.jpg\"><br \/>\n\t\t\t\t\t\t\t\t\t\t\t\t\t<img decoding=\"async\" class=\"img-fluid\" src=\"https:\/\/www.lpehochiminh.com\/wp-content\/uploads\/2025\/03\/IMG-20241211-WA0056-722x564.jpg\" width=\"\" height=\"\" alt=\"students in kindergarten making arts\"><br \/>\n\t\t\t\t\t\t\t\t\t\t\t\t<\/a>\n\t\t\t\t\t\t\t\t\t\t     <\/li>\n<\/ul><\/div>\n<\/p><\/div>\n<\/p><\/div>\n<div class=\"col-12 col-md-5 d-flex flex-column justify-content-center align-items-start mb-2 mb-md-0\">\n<div class=\"text\">\n<h2><span>An artistic project at the heart of the &#8220;Semaine des Lyc\u00e9es Fran\u00e7ais du Monde&#8221;<\/span><\/h2>\n<p>As part of the Semaine des Lyc\u00e9es Fran\u00e7ais du Monde 2024, under the theme \u201cFrancophonie: Schools Create and Innovate\u201d, La Petite Ecole Ho Chi Minh City launched an ambitious educational project, using art as a tool for cultural and linguistic discovery.<\/p>\n<p>\t\t\t\t\t\t<!-- Changer la classe de couleur du bouton en fonction de la couleur g\u00e9n\u00e9rale du bloc --><\/p>\n<div class=\"bloc_cta\" ><\/div>\n<\/p><\/div>\n<\/p><\/div>\n<\/p><\/div>\n<\/p><\/div>\n<\/div>\n<div class=\"bloctext bloctext--nocolor bloctext--haspattern\" id=\"bloc_6_11\">\n<div class=\"container\">\n<div class=\"row\">\n<div class=\"col-12 col-lg-4 col-xl-3 mb-1\">\n<h2><span><\/span><\/h2>\n<\/p><\/div>\n<div class=\"col-12 col-lg-8 col-xl-9\">\n<div class=\"text pl-lg-4\">\n<p style=\"text-align: left;\">Each kindergarten class studied a renowned Francophone artist and experimented with their artistic techniques:<\/p>\n<ul style=\"text-align: left;\">\n<li data-start=\"1285\" data-end=\"1347\"><strong data-start=\"1287\" data-end=\"1303\">Claude Monet<\/strong>: Impressionist painting and light effects<\/li>\n<li data-start=\"1348\" data-end=\"1426\"><strong data-start=\"1350\" data-end=\"1368\">Henri Rousseau<\/strong>: Na\u00efve painting and dreamlike representations of nature<\/li>\n<li data-start=\"1427\" data-end=\"1501\"><strong data-start=\"1429\" data-end=\"1447\">Georges Seurat<\/strong>: Introduction to pointillism through self-portraits<\/li>\n<li data-start=\"1502\" data-end=\"1566\"><strong data-start=\"1504\" data-end=\"1520\">Herv\u00e9 Tullet<\/strong>: Interactive art and collaborative creation<\/li>\n<li data-start=\"1567\" data-end=\"1617\"><strong data-start=\"1569\" data-end=\"1580\">Levalet<\/strong>: Street art and collage techniques<\/li>\n<li data-start=\"1618\" data-end=\"1697\"><strong data-start=\"1620\" data-end=\"1635\">Marc Pouyet<\/strong>: Exploration of land art and creating with natural elements<\/li>\n<li data-start=\"1698\" data-end=\"1761\"><strong data-start=\"1700\" data-end=\"1724\">Niki de Saint Phalle<\/strong>: Sculpture and working with volume<\/li>\n<li data-start=\"1762\" data-end=\"1825\"><strong data-start=\"1764\" data-end=\"1780\">\u00c9ric Bourdon<\/strong>: Playful and colorful sculpting techniques<\/li>\n<\/ul>\n<p style=\"text-align: left;\">The goal was to enable students to <strong>explore a wide range of artistic practices<\/strong> while fostering their sensitivity and creative expression.<\/p>\n<\/p><\/div>\n<\/p><\/div>\n<\/p><\/div>\n<\/p><\/div>\n<\/div>\n<div class=\"blocmedia blocmedia--textright blocmedia--color2\" id=\"bloc_2_12\">\n<div class=\"container\">\n<div class=\"row\">\n<div class=\"col-12 col-md-6\">\n<div class=\"slider\">\n<div id=\"slider-bloc_2_12\" class=\"flexslider flexslider--blocmedia loading\">\n<ul class=\"slides list-unstyled\">\n<li class=\"slider-li\">\n\t\t\t\t\t\t\t\t\t\t     \t<a data-fancybox=\"rel-slider-bloc_2_12\" data-caption=\"\" href=\"https:\/\/www.lpehochiminh.com\/wp-content\/uploads\/2025\/03\/IMG-20241212-WA0042-722x564.jpg\"><br \/>\n\t\t\t\t\t\t\t\t\t\t\t\t\t<img decoding=\"async\" class=\"img-fluid\" src=\"https:\/\/www.lpehochiminh.com\/wp-content\/uploads\/2025\/03\/IMG-20241212-WA0042-722x564.jpg\" width=\"\" height=\"\" alt=\"art exhibition in the schoolyard\"><br \/>\n\t\t\t\t\t\t\t\t\t\t\t\t<\/a>\n\t\t\t\t\t\t\t\t\t\t     <\/li>\n<\/ul><\/div>\n<\/p><\/div>\n<\/p><\/div>\n<div class=\"col-12 col-md-5 d-flex flex-column justify-content-center align-items-start mb-2 mb-md-0\">\n<div class=\"text\">\n<h2><span>An exhibition and a cultural celebration<\/span><\/h2>\n<p>The project concluded with an exhibition within the school, where each class presented their works to families and fellow students. This event allowed children to proudly share their creations in a warm and engaging setting while discovering the artistic diversity of the Francophone world.<\/p>\n<p>Additionally, a culinary workshop was organized, giving students the opportunity to prepare traditional French specialties themselves, further deepening their cultural immersion.\n<\/p>\n<p>\t\t\t\t\t\t<!-- Changer la classe de couleur du bouton en fonction de la couleur g\u00e9n\u00e9rale du bloc --><\/p>\n<div class=\"bloc_cta\" ><\/div>\n<\/p><\/div>\n<\/p><\/div>\n<\/p><\/div>\n<\/p><\/div>\n<\/div>\n<div class=\"bloctext bloctext--nocolor bloctext--haspattern\" id=\"bloc_6_13\">\n<div class=\"container\">\n<div class=\"row\">\n<div class=\"col-12 col-lg-4 col-xl-3 mb-1\">\n<h2><span>An honor for our educational commitment<\/span><\/h2>\n<\/p><\/div>\n<div class=\"col-12 col-lg-8 col-xl-9\">\n<div class=\"text pl-lg-4\">\n<p style=\"text-align: right;\" data-start=\"2544\" data-end=\"2878\">Receiving the <em data-start=\"2558\" data-end=\"2588\">Palme de l\u2019Action Culturelle<\/em> is a true acknowledgment of our <strong>commitment to enriching education<\/strong> through <strong>art and culture<\/strong> from an early age. This project reflects La Petite Ecole Ho Chi Minh City&#8217;s dedication to integrating innovative approaches into its curriculum, promoting active and immersive learning experiences.<\/p>\n<p style=\"text-align: right;\" data-start=\"2880\" data-end=\"3027\">This distinction also highlights the exceptional work of our teaching team, who support students every day in their learning and personal growth.<\/p>\n<\/p><\/div>\n<\/p><\/div>\n<\/p><\/div>\n<\/p><\/div>\n<\/div>\n<div class=\"blocsphotos blocsphotos--color4\" id=\"bloc_14_14\">\n<div class=\"container\">\n<div class=\"row\">\n<div class=\"col-6 col-md-3 mb-1 mb-md-0\">\n<div class=\"blocphoto\">\n\t\t\t\t\t<img decoding=\"async\" class=\"img-fluid img-rounded\" src=\"https:\/\/www.lpehochiminh.com\/wp-content\/uploads\/2025\/03\/IMG-20241212-WA0014-270x310.jpg\" width=\"\" height=\"\" alt=\"art in kindergarten\">\n\t\t\t\t<\/div>\n<\/p><\/div>\n<div class=\"col-6 col-md-3 mb-1 mb-md-0\">\n<div class=\"blocphoto\">\n\t\t\t\t\t<img decoding=\"async\" class=\"img-fluid img-rounded\" src=\"https:\/\/www.lpehochiminh.com\/wp-content\/uploads\/2025\/03\/20241125_095241-270x310.jpg\" width=\"\" height=\"\" alt=\"art in kindergarten\">\n\t\t\t\t<\/div>\n<\/p><\/div>\n<div class=\"col-6 col-md-3 mb-1 mb-md-0\">\n<div class=\"blocphoto\">\n\t\t\t\t\t<img decoding=\"async\" class=\"img-fluid img-rounded\" src=\"https:\/\/www.lpehochiminh.com\/wp-content\/uploads\/2025\/03\/20241125_095257-270x310.jpg\" width=\"\" height=\"\" alt=\"art in kindergarten\">\n\t\t\t\t<\/div>\n<\/p><\/div>\n<div class=\"col-6 col-md-3 mb-1 mb-md-0\">\n<div class=\"blocphoto\">\n\t\t\t\t\t<img decoding=\"async\" class=\"img-fluid img-rounded\" src=\"https:\/\/www.lpehochiminh.com\/wp-content\/uploads\/2025\/03\/IMG-20241211-WA0145-270x310.jpg\" width=\"\" height=\"\" alt=\"art in kindergarten\">\n\t\t\t\t<\/div>\n<\/p><\/div>\n<\/p><\/div>\n<\/p><\/div>\n<\/div>\n<div class=\"blocmedia blocmedia--textright blocmedia--color2\" id=\"bloc_2_15\">\n<div class=\"container\">\n<div class=\"row\">\n<div class=\"col-12 col-md-6\">\n<div class=\"slider\">\n<div id=\"slider-bloc_2_15\" class=\"flexslider flexslider--blocmedia loading\">\n<ul class=\"slides list-unstyled\">\n<li class=\"slider-li\">\n\t\t\t\t\t\t\t\t\t\t     \t<a data-fancybox=\"rel-slider-bloc_2_15\" data-caption=\"\" href=\"https:\/\/www.lpehochiminh.com\/wp-content\/uploads\/2025\/03\/IMG-20250314-WA0028-722x564.jpg\"><br \/>\n\t\t\t\t\t\t\t\t\t\t\t\t\t<img decoding=\"async\" class=\"img-fluid\" src=\"https:\/\/www.lpehochiminh.com\/wp-content\/uploads\/2025\/03\/IMG-20250314-WA0028-722x564.jpg\" width=\"\" height=\"\" alt=\"Odyssey Education group at the Palmes' award\"><br \/>\n\t\t\t\t\t\t\t\t\t\t\t\t<\/a>\n\t\t\t\t\t\t\t\t\t\t     <\/li>\n<\/ul><\/div>\n<\/p><\/div>\n<\/p><\/div>\n<div class=\"col-12 col-md-5 d-flex flex-column justify-content-center align-items-start mb-2 mb-md-0\">\n<div class=\"text\">\n<h2><span>An award-winning project alongside other Odyssey Education schools<\/span><\/h2>\n<\/p>\n<p>\t\t\t\t\t\t<!-- Changer la classe de couleur du bouton en fonction de la couleur g\u00e9n\u00e9rale du bloc --><\/p>\n<div class=\"bloc_cta\" ><\/div>\n<\/p><\/div>\n<\/p><\/div>\n<\/p><\/div>\n<\/p><\/div>\n<\/div>\n<div class=\"bloctext bloctext--color2 bloctext--haspattern\" id=\"bloc_6_16\">\n<div class=\"container\">\n<div class=\"row\">\n<div class=\"col-12 col-lg-4 col-xl-3 mb-1\">\n<h2><span><\/span><\/h2>\n<\/p><\/div>\n<div class=\"col-12 col-lg-8 col-xl-9\">\n<div class=\"text pl-lg-4\">\n<p data-start=\"3106\" data-end=\"3233\">We also extend our congratulations to the other schools from the Odyssey Education group recognized at the <em data-start=\"3213\" data-end=\"3230\">Palmes de l\u2019EFE<\/em>:<\/p>\n<ul data-start=\"3235\" data-end=\"3588\">\n<li data-start=\"3235\" data-end=\"3406\"><strong data-start=\"3237\" data-end=\"3281\">\u00c9cole Fran\u00e7aise Internationale de Skopje<\/strong>, finalist for the <em data-start=\"3300\" data-end=\"3346\">Palme de la Lutte contre les Discriminations<\/em> with the project <em data-start=\"3364\" data-end=\"3404\">&#8220;Cultural Bridges in North Macedonia.&#8221;<\/em><\/li>\n<li data-start=\"3407\" data-end=\"3588\"><strong data-start=\"3409\" data-end=\"3441\">La Petite Ecole de Singapour<\/strong>, finalist for the <em data-start=\"3460\" data-end=\"3496\">Palme de la Promotion Linguistique<\/em>, for its innovative co-teaching program in French, English, and Mandarin in kindergarten.<\/li>\n<\/ul>\n<p data-start=\"3590\" data-end=\"3847\">We sincerely thank <em data-start=\"3609\" data-end=\"3656\">R\u00e9flexeS &#8211; Enseignement Fran\u00e7ais \u00e0 l\u2019\u00c9tranger<\/em> and Senator <em data-start=\"3669\" data-end=\"3689\">Samantha Cazebonne<\/em> for this great initiative, as well as <em data-start=\"3728\" data-end=\"3747\">Odyssey Education<\/em>, which represented our school in Paris and continues to support our projects throughout the year.<\/p>\n<p data-start=\"3849\" data-end=\"3982\">Finally, a huge thank you to our teaching team, students, and their families, whose contributions made this project a true success!<\/p>\n<\/p><\/div>\n<\/p><\/div>\n<\/p><\/div>\n<\/p><\/div>\n<\/div>\n","protected":false},"excerpt":{"rendered":"<p>A prestigious award for a cultural and artistic initiative La Petite Ecole Ho Chi Minh City is extremely proud to [&hellip;]<\/p>\n","protected":false},"author":17,"featured_media":0,"comment_status":"closed","ping_status":"open","sticky":false,"template":"","format":"standard","meta":{"_acf_changed":false,"kdcopypost-origin-url":"","kdcopypost-origin-id":"","footnotes":""},"categories":[103],"tags":[],"class_list":["post-16212","post","type-post","status-publish","format-standard","hentry","category-news-en"],"acf":{"sous_titre":"","photo":16161},"yoast_head":"<!-- This site is optimized with the Yoast SEO plugin v26.8 - https:\/\/yoast.com\/product\/yoast-seo-wordpress\/ -->\n<title>La Petite Ecole Ho Chi Minh City honored at the Palmes de l\u2019EFE - LPE Ho Chi Minh<\/title>\n<meta name=\"description\" content=\"La Petite Ecole Ho Chi Minh City wins the Palme de l&#039;Action Culturelle at the Palmes de l&#039;EFE 2024, in recognition of an innovative artistic and French-language project in kindergarten\" \/>\n<meta name=\"robots\" content=\"index, follow, max-snippet:-1, max-image-preview:large, max-video-preview:-1\" \/>\n<link rel=\"canonical\" href=\"https:\/\/www.lpehochiminh.com\/en\/la-petite-ecole-ho-chi-minh-city-honored-at-palmes-de-lefe-2025\/\" \/>\n<meta property=\"og:locale\" content=\"en_US\" \/>\n<meta property=\"og:type\" content=\"article\" \/>\n<meta property=\"og:title\" content=\"La Petite Ecole Ho Chi Minh City honored at the Palmes de l\u2019EFE - LPE Ho Chi Minh\" \/>\n<meta property=\"og:description\" content=\"La Petite Ecole Ho Chi Minh City wins the Palme de l&#039;Action Culturelle at the Palmes de l&#039;EFE 2024, in recognition of an innovative artistic and French-language project in kindergarten\" \/>\n<meta property=\"og:url\" content=\"https:\/\/www.lpehochiminh.com\/en\/la-petite-ecole-ho-chi-minh-city-honored-at-palmes-de-lefe-2025\/\" \/>\n<meta property=\"og:site_name\" content=\"LPE Ho Chi Minh\" \/>\n<meta property=\"article:published_time\" content=\"2025-03-19T08:13:08+00:00\" \/>\n<meta property=\"article:modified_time\" content=\"2025-03-19T08:27:09+00:00\" \/>\n<meta property=\"og:image\" content=\"https:\/\/www.lpehochiminh.com\/wp-content\/uploads\/2025\/03\/IMG-20250314-WA0015-722x564.jpg\" \/>\n<meta name=\"author\" content=\"Chloe\" \/>\n<meta name=\"twitter:card\" content=\"summary_large_image\" \/>\n<meta name=\"twitter:label1\" content=\"Written by\" \/>\n\t<meta name=\"twitter:data1\" content=\"Chloe\" \/>\n\t<meta name=\"twitter:label2\" content=\"Est. reading time\" \/>\n\t<meta name=\"twitter:data2\" content=\"8 minutes\" \/>\n<!-- \/ Yoast SEO plugin. -->","yoast_head_json":{"title":"La Petite Ecole Ho Chi Minh City honored at the Palmes de l\u2019EFE - LPE Ho Chi Minh","description":"La Petite Ecole Ho Chi Minh City wins the Palme de l'Action Culturelle at the Palmes de l'EFE 2024, in recognition of an innovative artistic and French-language project in kindergarten","robots":{"index":"index","follow":"follow","max-snippet":"max-snippet:-1","max-image-preview":"max-image-preview:large","max-video-preview":"max-video-preview:-1"},"canonical":"https:\/\/www.lpehochiminh.com\/en\/la-petite-ecole-ho-chi-minh-city-honored-at-palmes-de-lefe-2025\/","og_locale":"en_US","og_type":"article","og_title":"La Petite Ecole Ho Chi Minh City honored at the Palmes de l\u2019EFE - LPE Ho Chi Minh","og_description":"La Petite Ecole Ho Chi Minh City wins the Palme de l'Action Culturelle at the Palmes de l'EFE 2024, in recognition of an innovative artistic and French-language project in kindergarten","og_url":"https:\/\/www.lpehochiminh.com\/en\/la-petite-ecole-ho-chi-minh-city-honored-at-palmes-de-lefe-2025\/","og_site_name":"LPE Ho Chi Minh","article_published_time":"2025-03-19T08:13:08+00:00","article_modified_time":"2025-03-19T08:27:09+00:00","og_image":[{"url":"https:\/\/www.lpehochiminh.com\/wp-content\/uploads\/2025\/03\/IMG-20250314-WA0015-722x564.jpg","type":"","width":"","height":""}],"author":"Chloe","twitter_card":"summary_large_image","twitter_misc":{"Written by":"Chloe","Est. reading time":"8 minutes"},"schema":{"@context":"https:\/\/schema.org","@graph":[{"@type":"Article","@id":"https:\/\/www.lpehochiminh.com\/en\/la-petite-ecole-ho-chi-minh-city-honored-at-palmes-de-lefe-2025\/#article","isPartOf":{"@id":"https:\/\/www.lpehochiminh.com\/en\/la-petite-ecole-ho-chi-minh-city-honored-at-palmes-de-lefe-2025\/"},"author":{"name":"Chloe","@id":"https:\/\/www.lpehochiminh.com\/en\/#\/schema\/person\/50f619ef9ed96c1a8c69d14fc0c4366f"},"headline":"La Petite Ecole Ho Chi Minh City honored at the Palmes de l\u2019EFE","datePublished":"2025-03-19T08:13:08+00:00","dateModified":"2025-03-19T08:27:09+00:00","mainEntityOfPage":{"@id":"https:\/\/www.lpehochiminh.com\/en\/la-petite-ecole-ho-chi-minh-city-honored-at-palmes-de-lefe-2025\/"},"wordCount":551,"publisher":{"@id":"https:\/\/www.lpehochiminh.com\/en\/#organization"},"image":{"@id":"https:\/\/www.lpehochiminh.com\/en\/la-petite-ecole-ho-chi-minh-city-honored-at-palmes-de-lefe-2025\/#primaryimage"},"thumbnailUrl":"https:\/\/www.lpehochiminh.com\/wp-content\/uploads\/2025\/03\/IMG-20250314-WA0015-722x564.jpg","articleSection":["News"],"inLanguage":"en-US"},{"@type":"WebPage","@id":"https:\/\/www.lpehochiminh.com\/en\/la-petite-ecole-ho-chi-minh-city-honored-at-palmes-de-lefe-2025\/","url":"https:\/\/www.lpehochiminh.com\/en\/la-petite-ecole-ho-chi-minh-city-honored-at-palmes-de-lefe-2025\/","name":"La Petite Ecole Ho Chi Minh City honored at the Palmes de l\u2019EFE - LPE Ho Chi Minh","isPartOf":{"@id":"https:\/\/www.lpehochiminh.com\/en\/#website"},"primaryImageOfPage":{"@id":"https:\/\/www.lpehochiminh.com\/en\/la-petite-ecole-ho-chi-minh-city-honored-at-palmes-de-lefe-2025\/#primaryimage"},"image":{"@id":"https:\/\/www.lpehochiminh.com\/en\/la-petite-ecole-ho-chi-minh-city-honored-at-palmes-de-lefe-2025\/#primaryimage"},"thumbnailUrl":"https:\/\/www.lpehochiminh.com\/wp-content\/uploads\/2025\/03\/IMG-20250314-WA0015-722x564.jpg","datePublished":"2025-03-19T08:13:08+00:00","dateModified":"2025-03-19T08:27:09+00:00","description":"La Petite Ecole Ho Chi Minh City wins the Palme de l'Action Culturelle at the Palmes de l'EFE 2024, in recognition of an innovative artistic and French-language project in kindergarten","breadcrumb":{"@id":"https:\/\/www.lpehochiminh.com\/en\/la-petite-ecole-ho-chi-minh-city-honored-at-palmes-de-lefe-2025\/#breadcrumb"},"inLanguage":"en-US","potentialAction":[{"@type":"ReadAction","target":["https:\/\/www.lpehochiminh.com\/en\/la-petite-ecole-ho-chi-minh-city-honored-at-palmes-de-lefe-2025\/"]}]},{"@type":"ImageObject","inLanguage":"en-US","@id":"https:\/\/www.lpehochiminh.com\/en\/la-petite-ecole-ho-chi-minh-city-honored-at-palmes-de-lefe-2025\/#primaryimage","url":"https:\/\/www.lpehochiminh.com\/wp-content\/uploads\/2025\/03\/IMG-20250314-WA0015-722x564.jpg","contentUrl":"https:\/\/www.lpehochiminh.com\/wp-content\/uploads\/2025\/03\/IMG-20250314-WA0015-722x564.jpg"},{"@type":"BreadcrumbList","@id":"https:\/\/www.lpehochiminh.com\/en\/la-petite-ecole-ho-chi-minh-city-honored-at-palmes-de-lefe-2025\/#breadcrumb","itemListElement":[{"@type":"ListItem","position":1,"name":"Accueil","item":"https:\/\/www.lpehochiminh.com\/en\/"},{"@type":"ListItem","position":2,"name":"La Petite Ecole Ho Chi Minh City honored at the Palmes de l\u2019EFE"}]},{"@type":"WebSite","@id":"https:\/\/www.lpehochiminh.com\/en\/#website","url":"https:\/\/www.lpehochiminh.com\/en\/","name":"LPE Ho Chi Minh - \u00e9cole internationale plurilingue de la cr\u00e8che au CM2","description":"LPE Ho Chi Minh","publisher":{"@id":"https:\/\/www.lpehochiminh.com\/en\/#organization"},"alternateName":"LPE Ho Chi Minh","potentialAction":[{"@type":"SearchAction","target":{"@type":"EntryPoint","urlTemplate":"https:\/\/www.lpehochiminh.com\/en\/?s={search_term_string}"},"query-input":{"@type":"PropertyValueSpecification","valueRequired":true,"valueName":"search_term_string"}}],"inLanguage":"en-US"},{"@type":"Organization","@id":"https:\/\/www.lpehochiminh.com\/en\/#organization","name":"LPE Ho Chi Minh","url":"https:\/\/www.lpehochiminh.com\/en\/","logo":{"@type":"ImageObject","inLanguage":"en-US","@id":"https:\/\/www.lpehochiminh.com\/en\/#\/schema\/logo\/image\/","url":"https:\/\/www.lpehochiminh.com\/wp-content\/uploads\/2023\/05\/logo-rond-blanc.png","contentUrl":"https:\/\/www.lpehochiminh.com\/wp-content\/uploads\/2023\/05\/logo-rond-blanc.png","width":1993,"height":1990,"caption":"LPE Ho Chi Minh"},"image":{"@id":"https:\/\/www.lpehochiminh.com\/en\/#\/schema\/logo\/image\/"}},{"@type":"Person","@id":"https:\/\/www.lpehochiminh.com\/en\/#\/schema\/person\/50f619ef9ed96c1a8c69d14fc0c4366f","name":"Chloe","image":{"@type":"ImageObject","inLanguage":"en-US","@id":"https:\/\/www.lpehochiminh.com\/en\/#\/schema\/person\/image\/","url":"https:\/\/secure.gravatar.com\/avatar\/83a04cf44829939d64284c59ffb0cb3f5a8799d71c1c2017d156ef2140dfb0f9?s=96&d=mm&r=g","contentUrl":"https:\/\/secure.gravatar.com\/avatar\/83a04cf44829939d64284c59ffb0cb3f5a8799d71c1c2017d156ef2140dfb0f9?s=96&d=mm&r=g","caption":"Chloe"},"url":"https:\/\/www.lpehochiminh.com\/en\/author\/chloe-roddier\/"}]}},"lang":"en","_links":{"self":[{"href":"https:\/\/www.lpehochiminh.com\/en\/wp-json\/wp\/v2\/posts\/16212","targetHints":{"allow":["GET"]}}],"collection":[{"href":"https:\/\/www.lpehochiminh.com\/en\/wp-json\/wp\/v2\/posts"}],"about":[{"href":"https:\/\/www.lpehochiminh.com\/en\/wp-json\/wp\/v2\/types\/post"}],"author":[{"embeddable":true,"href":"https:\/\/www.lpehochiminh.com\/en\/wp-json\/wp\/v2\/users\/17"}],"replies":[{"embeddable":true,"href":"https:\/\/www.lpehochiminh.com\/en\/wp-json\/wp\/v2\/comments?post=16212"}],"version-history":[{"count":4,"href":"https:\/\/www.lpehochiminh.com\/en\/wp-json\/wp\/v2\/posts\/16212\/revisions"}],"predecessor-version":[{"id":16216,"href":"https:\/\/www.lpehochiminh.com\/en\/wp-json\/wp\/v2\/posts\/16212\/revisions\/16216"}],"wp:attachment":[{"href":"https:\/\/www.lpehochiminh.com\/en\/wp-json\/wp\/v2\/media?parent=16212"}],"wp:term":[{"taxonomy":"category","embeddable":true,"href":"https:\/\/www.lpehochiminh.com\/en\/wp-json\/wp\/v2\/categories?post=16212"},{"taxonomy":"post_tag","embeddable":true,"href":"https:\/\/www.lpehochiminh.com\/en\/wp-json\/wp\/v2\/tags?post=16212"}],"curies":[{"name":"wp","href":"https:\/\/api.w.org\/{rel}","templated":true}]}}